{"id":91271,"date":"2025-11-01T18:36:38","date_gmt":"2025-11-01T21:36:38","guid":{"rendered":"https:\/\/www.greenjaribiza.com\/?p=91271"},"modified":"2026-03-26T19:29:04","modified_gmt":"2026-03-26T18:29:04","slug":"ibiza-cocktail-week-one-island-one-community-and-the-bar-as-culture","status":"publish","type":"post","link":"https:\/\/www.greenjaribiza.com\/es\/ibiza-cocktail-week-una-isla-una-comunidad-y-el-bar-como-cultura\/","title":{"rendered":"Ibiza Cocktail Week: una isla, una comunidad y el bar como cultura"},"content":{"rendered":"<h2><b><span dir=\"auto\" style=\"vertical-align: inherit;\"><span dir=\"auto\" style=\"vertical-align: inherit;\"><span dir=\"auto\" style=\"vertical-align: inherit;\"><span dir=\"auto\" style=\"vertical-align: inherit;\">Ibiza Cocktail Week: una isla, una comunidad y el bar como cultura.<\/span><\/span><\/span><\/span><\/b><\/h2>\n<p><i><span style=\"font-weight: 400;\"><span dir=\"auto\" style=\"vertical-align: inherit;\"><span dir=\"auto\" style=\"vertical-align: inherit;\"><span dir=\"auto\" style=\"vertical-align: inherit;\"><span dir=\"auto\" style=\"vertical-align: inherit;\">Por Green Jar Ibiza<\/span><\/span><\/span><\/span><\/span><\/i><\/p>\n<p><span style=\"font-weight: 400;\"><span dir=\"auto\" style=\"vertical-align: inherit;\"><span dir=\"auto\" style=\"vertical-align: inherit;\"><span dir=\"auto\" style=\"vertical-align: inherit;\"><span dir=\"auto\" style=\"vertical-align: inherit;\">La primera edici\u00f3n de <\/span><\/span><\/span><\/span><\/span><b><span dir=\"auto\" style=\"vertical-align: inherit;\"><span dir=\"auto\" style=\"vertical-align: inherit;\"><span dir=\"auto\" style=\"vertical-align: inherit;\"><span dir=\"auto\" style=\"vertical-align: inherit;\">Semana del C\u00f3ctel de Ibiza (ICW) <\/span><\/span><\/span><\/span><\/b><span style=\"font-weight: 400;\"><span dir=\"auto\" style=\"vertical-align: inherit;\"><span dir=\"auto\" style=\"vertical-align: inherit;\"><span dir=\"auto\" style=\"vertical-align: inherit;\"><span dir=\"auto\" style=\"vertical-align: inherit;\">proporcion\u00f3 siete d\u00edas en los que la cultura de los c\u00f3cteles sali\u00f3 de los balcones y tom\u00f3 contacto con teatros, plazas y praderas. El evento reuni\u00f3 a profesionales, marcas y p\u00fablico en una celebraci\u00f3n de la <\/span><\/span><\/span><\/span><\/span><b><span dir=\"auto\" style=\"vertical-align: inherit;\"><span dir=\"auto\" style=\"vertical-align: inherit;\"><span dir=\"auto\" style=\"vertical-align: inherit;\"><span dir=\"auto\" style=\"vertical-align: inherit;\">t\u00e9cnica, de la creatividad, de la industria y de la comunidad <\/span><\/span><\/span><\/span><\/b><span style=\"font-weight: 400;\"><span dir=\"auto\" style=\"vertical-align: inherit;\"><span dir=\"auto\" style=\"vertical-align: inherit;\"><span dir=\"auto\" style=\"vertical-align: inherit;\"><span dir=\"auto\" style=\"vertical-align: inherit;\">.<\/span><\/span><\/span><\/span><\/span><\/p>\n<h3><b><span dir=\"auto\" style=\"vertical-align: inherit;\"><span dir=\"auto\" style=\"vertical-align: inherit;\"><span dir=\"auto\" style=\"vertical-align: inherit;\"><span dir=\"auto\" style=\"vertical-align: inherit;\">O pontap\u00e9 inicial: CORRIDA DE BANDEJAS DE IBIZA<\/span><\/span><\/span><\/span><\/b><\/h3>\n<p><span style=\"font-weight: 400;\"><span dir=\"auto\" style=\"vertical-align: inherit;\"><span dir=\"auto\" style=\"vertical-align: inherit;\"><span dir=\"auto\" style=\"vertical-align: inherit;\"><span dir=\"auto\" style=\"vertical-align: inherit;\">La presentaci\u00f3n tuvo un toque deportivo con la <\/span><\/span><\/span><\/span><\/span><i><span style=\"font-weight: 400;\"><span dir=\"auto\" style=\"vertical-align: inherit;\"><span dir=\"auto\" style=\"vertical-align: inherit;\"><span dir=\"auto\" style=\"vertical-align: inherit;\"><span dir=\"auto\" style=\"vertical-align: inherit;\">Ibiza Tray Race<\/span><\/span><\/span><\/span><\/span><\/i><span style=\"font-weight: 400;\"><span dir=\"auto\" style=\"vertical-align: inherit;\"><span dir=\"auto\" style=\"vertical-align: inherit;\"><span dir=\"auto\" style=\"vertical-align: inherit;\"><span dir=\"auto\" style=\"vertical-align: inherit;\"> : 500 metros por las calles de paralelep\u00edpedos del Castillo de Dalt Vila, con una mano, una bandeja, una lata de Monster y un copo. Velocidad, equilibrio y 800 euros en premios para el hombre y la mujer m\u00e1s r\u00e1pidos. <\/span><\/span><\/span><\/span><\/span><span dir=\"auto\" style=\"vertical-align: inherit;\"><span style=\"font-weight: 400;\"><span dir=\"auto\" style=\"vertical-align: inherit;\"><span dir=\"auto\" style=\"vertical-align: inherit;\"><span dir=\"auto\" style=\"vertical-align: inherit;\">Este desaf\u00edo emocionante y divertido dio comienzo a una semana que uni\u00f3 inmediatamente a profesionales del \u00e1rea de la hospitalidad y amantes del coquet\u00e9 desde el primer d\u00eda.<\/span><\/span><\/span><\/span><\/span><span style=\"font-weight: 400;\"><br \/>\n<\/span><\/p>\n<p><img fetchpriority=\"high\" decoding=\"async\" class=\"alignnone wp-image-91280 size-large\" src=\"https:\/\/www.greenjaribiza.com\/wp-content\/uploads\/2025\/11\/The-kick-off-IBIZA-TRAY-RACE-683x1024.webp\" alt=\"\" width=\"683\" height=\"1024\" srcset=\"https:\/\/www.greenjaribiza.com\/wp-content\/uploads\/2025\/11\/The-kick-off-IBIZA-TRAY-RACE-683x1024.webp 683w, https:\/\/www.greenjaribiza.com\/wp-content\/uploads\/2025\/11\/The-kick-off-IBIZA-TRAY-RACE-200x300.webp 200w, https:\/\/www.greenjaribiza.com\/wp-content\/uploads\/2025\/11\/The-kick-off-IBIZA-TRAY-RACE-768x1152.webp 768w, https:\/\/www.greenjaribiza.com\/wp-content\/uploads\/2025\/11\/The-kick-off-IBIZA-TRAY-RACE-1024x1536.webp 1024w, https:\/\/www.greenjaribiza.com\/wp-content\/uploads\/2025\/11\/The-kick-off-IBIZA-TRAY-RACE-8x12.webp 8w, https:\/\/www.greenjaribiza.com\/wp-content\/uploads\/2025\/11\/The-kick-off-IBIZA-TRAY-RACE-600x900.webp 600w, https:\/\/www.greenjaribiza.com\/wp-content\/uploads\/2025\/11\/The-kick-off-IBIZA-TRAY-RACE.webp 1280w\" sizes=\"(max-width: 683px) 100vw, 683px\" \/><\/p>\n<h3><b><span dir=\"auto\" style=\"vertical-align: inherit;\"><span dir=\"auto\" style=\"vertical-align: inherit;\"><span dir=\"auto\" style=\"vertical-align: inherit;\"><span dir=\"auto\" style=\"vertical-align: inherit;\">Teatro Pereyra: el coraz\u00f3n del espect\u00e1culo y de la fiesta<\/span><\/span><\/span><\/span><\/b><\/h3>\n<p><span style=\"font-weight: 400;\"><span dir=\"auto\" style=\"vertical-align: inherit;\"><span dir=\"auto\" style=\"vertical-align: inherit;\"><span dir=\"auto\" style=\"vertical-align: inherit;\"><span dir=\"auto\" style=\"vertical-align: inherit;\">El 29 de septiembre, el icono <\/span><\/span><\/span><\/span><\/span><i><span style=\"font-weight: 400;\"><span dir=\"auto\" style=\"vertical-align: inherit;\"><span dir=\"auto\" style=\"vertical-align: inherit;\"><span dir=\"auto\" style=\"vertical-align: inherit;\"><span dir=\"auto\" style=\"vertical-align: inherit;\">Teatro Pereyra<\/span><\/span><\/span><\/span><\/span><\/i><span style=\"font-weight: 400;\"><span dir=\"auto\" style=\"vertical-align: inherit;\"><span dir=\"auto\" style=\"vertical-align: inherit;\"><span dir=\"auto\" style=\"vertical-align: inherit;\"><span dir=\"auto\" style=\"vertical-align: inherit;\"> recibi\u00f3 la etapa clasificatoria de Flair do <\/span><\/span><\/span><\/span><\/span><b><span dir=\"auto\" style=\"vertical-align: inherit;\"><span dir=\"auto\" style=\"vertical-align: inherit;\"><span dir=\"auto\" style=\"vertical-align: inherit;\"><span dir=\"auto\" style=\"vertical-align: inherit;\">EL GRAN BARTENDER IBIZA <\/span><\/span><\/span><\/span><\/b><span style=\"font-weight: 400;\"><span dir=\"auto\" style=\"vertical-align: inherit;\"><span dir=\"auto\" style=\"vertical-align: inherit;\"><span dir=\"auto\" style=\"vertical-align: inherit;\"><span dir=\"auto\" style=\"vertical-align: inherit;\">con talentos internacionales compitiendo por una victoria en la final.<\/span><\/span><\/span><\/span><\/span><\/p>\n<p><span style=\"font-weight: 400;\"><span dir=\"auto\" style=\"vertical-align: inherit;\"><span dir=\"auto\" style=\"vertical-align: inherit;\"><span dir=\"auto\" style=\"vertical-align: inherit;\"><span dir=\"auto\" style=\"vertical-align: inherit;\">Fuera del palco, el local se transforma en un aut\u00e9ntico museo <\/span><\/span><\/span><\/span><\/span><b><span dir=\"auto\" style=\"vertical-align: inherit;\"><span dir=\"auto\" style=\"vertical-align: inherit;\"><span dir=\"auto\" style=\"vertical-align: inherit;\"><span dir=\"auto\" style=\"vertical-align: inherit;\">parque de diversiones l\u00edquido <\/span><\/span><\/span><\/span><\/b><span style=\"font-weight: 400;\"><span dir=\"auto\" style=\"vertical-align: inherit;\"><span dir=\"auto\" style=\"vertical-align: inherit;\"><span dir=\"auto\" style=\"vertical-align: inherit;\"><span dir=\"auto\" style=\"vertical-align: inherit;\">: <\/span><\/span><\/span><\/span><\/span><span dir=\"auto\" style=\"vertical-align: inherit;\"><span style=\"font-weight: 400;\"><span dir=\"auto\" style=\"vertical-align: inherit;\"><span dir=\"auto\" style=\"vertical-align: inherit;\"><span dir=\"auto\" style=\"vertical-align: inherit;\">una feria de marcas con m\u00e1s de 20 expositores y un circuito de <\/span><\/span><\/span><\/span><b><span dir=\"auto\" style=\"vertical-align: inherit;\"><span dir=\"auto\" style=\"vertical-align: inherit;\"><span dir=\"auto\" style=\"vertical-align: inherit;\">desafios <\/span><\/span><\/span><\/b><span style=\"font-weight: 400;\"><span dir=\"auto\" style=\"vertical-align: inherit;\"><span dir=\"auto\" style=\"vertical-align: inherit;\"><span dir=\"auto\" style=\"vertical-align: inherit;\">, cada uno con un precio de 150 \u20ac, que puso a todo el mundo en movimiento:<\/span><\/span><\/span><\/span><\/span><span style=\"font-weight: 400;\"><br \/>\n<\/span><b><\/b><\/p>\n<ul>\n<li style=\"font-weight: 400;\" aria-level=\"1\"><b><span dir=\"auto\" style=\"vertical-align: inherit;\"><span dir=\"auto\" style=\"vertical-align: inherit;\"><span dir=\"auto\" style=\"vertical-align: inherit;\"><span dir=\"auto\" style=\"vertical-align: inherit;\">Degustaci\u00f3n en las Cegas <\/span><\/span><\/span><\/span><\/b><span style=\"font-weight: 400;\"><span dir=\"auto\" style=\"vertical-align: inherit;\"><span dir=\"auto\" style=\"vertical-align: inherit;\"><span dir=\"auto\" style=\"vertical-align: inherit;\"><span dir=\"auto\" style=\"vertical-align: inherit;\">- Bacard\u00ed<\/span><\/span><\/span><\/span><\/span><\/li>\n<li style=\"font-weight: 400;\" aria-level=\"1\"><b><span dir=\"auto\" style=\"vertical-align: inherit;\"><span dir=\"auto\" style=\"vertical-align: inherit;\"><span dir=\"auto\" style=\"vertical-align: inherit;\"><span dir=\"auto\" style=\"vertical-align: inherit;\">\u00bfQu\u00e9 agave es? <\/span><\/span><\/span><\/span><\/b><span style=\"font-weight: 400;\"><span dir=\"auto\" style=\"vertical-align: inherit;\"><span dir=\"auto\" style=\"vertical-align: inherit;\"><span dir=\"auto\" style=\"vertical-align: inherit;\"><span dir=\"auto\" style=\"vertical-align: inherit;\">- Mezcal C\u00f3mplice<\/span><\/span><\/span><\/span><\/span><\/li>\n<li style=\"font-weight: 400;\" aria-level=\"1\"><b><span dir=\"auto\" style=\"vertical-align: inherit;\"><span dir=\"auto\" style=\"vertical-align: inherit;\"><span dir=\"auto\" style=\"vertical-align: inherit;\"><span dir=\"auto\" style=\"vertical-align: inherit;\">Margarita expr\u00e9s <\/span><\/span><\/span><\/span><\/b><span style=\"font-weight: 400;\"><span dir=\"auto\" style=\"vertical-align: inherit;\"><span dir=\"auto\" style=\"vertical-align: inherit;\"><span dir=\"auto\" style=\"vertical-align: inherit;\"><span dir=\"auto\" style=\"vertical-align: inherit;\">- Tequila Padrecito<\/span><\/span><\/span><\/span><\/span><\/li>\n<li style=\"font-weight: 400;\" aria-level=\"1\"><b><span dir=\"auto\" style=\"vertical-align: inherit;\"><span dir=\"auto\" style=\"vertical-align: inherit;\"><span dir=\"auto\" style=\"vertical-align: inherit;\"><span dir=\"auto\" style=\"vertical-align: inherit;\">O Daiquiri Mais Gelado <\/span><\/span><\/span><\/span><\/b><span style=\"font-weight: 400;\"><span dir=\"auto\" style=\"vertical-align: inherit;\"><span dir=\"auto\" style=\"vertical-align: inherit;\"><span dir=\"auto\" style=\"vertical-align: inherit;\"><span dir=\"auto\" style=\"vertical-align: inherit;\">- Grupo OTC<\/span><\/span><\/span><\/span><\/span><\/li>\n<li style=\"font-weight: 400;\" aria-level=\"1\"><b><span dir=\"auto\" style=\"vertical-align: inherit;\"><span dir=\"auto\" style=\"vertical-align: inherit;\"><span dir=\"auto\" style=\"vertical-align: inherit;\"><span dir=\"auto\" style=\"vertical-align: inherit;\">Ca\u00e7ada Amarena <\/span><\/span><\/span><\/span><\/b><span style=\"font-weight: 400;\"><span dir=\"auto\" style=\"vertical-align: inherit;\"><span dir=\"auto\" style=\"vertical-align: inherit;\"><span dir=\"auto\" style=\"vertical-align: inherit;\"><span dir=\"auto\" style=\"vertical-align: inherit;\">- Fabbri<\/span><\/span><\/span><\/span><\/span><\/li>\n<li style=\"font-weight: 400;\" aria-level=\"1\"><b><span dir=\"auto\" style=\"vertical-align: inherit;\"><span dir=\"auto\" style=\"vertical-align: inherit;\"><span dir=\"auto\" style=\"vertical-align: inherit;\"><span dir=\"auto\" style=\"vertical-align: inherit;\">Coca-Cola Ocidental <\/span><\/span><\/span><\/span><\/b><span style=\"font-weight: 400;\"><span dir=\"auto\" style=\"vertical-align: inherit;\"><span dir=\"auto\" style=\"vertical-align: inherit;\"><span dir=\"auto\" style=\"vertical-align: inherit;\"><span dir=\"auto\" style=\"vertical-align: inherit;\">- Coca-Cola<\/span><\/span><\/span><\/span><\/span><\/li>\n<li style=\"font-weight: 400;\" aria-level=\"1\"><b><span dir=\"auto\" style=\"vertical-align: inherit;\"><span dir=\"auto\" style=\"vertical-align: inherit;\"><span dir=\"auto\" style=\"vertical-align: inherit;\"><span dir=\"auto\" style=\"vertical-align: inherit;\">Espresso Martini Mais R\u00e1pido <\/span><\/span><\/span><\/span><\/b><span style=\"font-weight: 400;\"><span dir=\"auto\" style=\"vertical-align: inherit;\"><span dir=\"auto\" style=\"vertical-align: inherit;\"><span dir=\"auto\" style=\"vertical-align: inherit;\"><span dir=\"auto\" style=\"vertical-align: inherit;\">- Compagnia dei Caraibi<\/span><\/span><\/span><\/span><\/span><\/li>\n<li style=\"font-weight: 400;\" aria-level=\"1\"><b><span dir=\"auto\" style=\"vertical-align: inherit;\"><span dir=\"auto\" style=\"vertical-align: inherit;\"><span dir=\"auto\" style=\"vertical-align: inherit;\"><span dir=\"auto\" style=\"vertical-align: inherit;\">Cega Paloma <\/span><\/span><\/span><\/span><\/b><span style=\"font-weight: 400;\"><span dir=\"auto\" style=\"vertical-align: inherit;\"><span dir=\"auto\" style=\"vertical-align: inherit;\"><span dir=\"auto\" style=\"vertical-align: inherit;\"><span dir=\"auto\" style=\"vertical-align: inherit;\">- Mezcal Amar\u00e1s<\/span><\/span><\/span><\/span><\/span><\/li>\n<\/ul>\n<p><span style=\"font-weight: 400;\"><span dir=\"auto\" style=\"vertical-align: inherit;\"><span dir=\"auto\" style=\"vertical-align: inherit;\"><span dir=\"auto\" style=\"vertical-align: inherit;\"><span dir=\"auto\" style=\"vertical-align: inherit;\">En el centro del sal\u00f3n, una <\/span><\/span><\/span><\/span><\/span><b><span dir=\"auto\" style=\"vertical-align: inherit;\"><span dir=\"auto\" style=\"vertical-align: inherit;\"><span dir=\"auto\" style=\"vertical-align: inherit;\"><span dir=\"auto\" style=\"vertical-align: inherit;\">escultura de gel con m\u00e1s de 100 kg <\/span><\/span><\/span><\/span><\/b><span style=\"font-weight: 400;\"><span dir=\"auto\" style=\"vertical-align: inherit;\"><span dir=\"auto\" style=\"vertical-align: inherit;\"><span dir=\"auto\" style=\"vertical-align: inherit;\"><span dir=\"auto\" style=\"vertical-align: inherit;\">roubava a cena, proporcionava bebidas do topo atrav\u00e9s de todo o bloco, culminando em uma dose perfeitamente gelada e levemente dilu\u00edda na base. Una obra maestra congelada del maestro del gel de Ibiza: <\/span><\/span><\/span><\/span><\/span><i><span style=\"font-weight: 400;\"><span dir=\"auto\" style=\"vertical-align: inherit;\"><span dir=\"auto\" style=\"vertical-align: inherit;\"><span dir=\"auto\" style=\"vertical-align: inherit;\"><span dir=\"auto\" style=\"vertical-align: inherit;\">Hielo Pitiuso<\/span><\/span><\/span><\/span><\/span><\/i><span style=\"font-weight: 400;\"><span dir=\"auto\" style=\"vertical-align: inherit;\"><span dir=\"auto\" style=\"vertical-align: inherit;\"><span dir=\"auto\" style=\"vertical-align: inherit;\"><span dir=\"auto\" style=\"vertical-align: inherit;\"> .<\/span><\/span><\/span><\/span><\/span><\/p>\n<p><span style=\"font-weight: 400;\"><span dir=\"auto\" style=\"vertical-align: inherit;\"><span dir=\"auto\" style=\"vertical-align: inherit;\"><span dir=\"auto\" style=\"vertical-align: inherit;\"><span dir=\"auto\" style=\"vertical-align: inherit;\">No andar de cima, no <\/span><\/span><\/span><\/span><\/span><i><span style=\"font-weight: 400;\"><span dir=\"auto\" style=\"vertical-align: inherit;\"><span dir=\"auto\" style=\"vertical-align: inherit;\"><span dir=\"auto\" style=\"vertical-align: inherit;\"><span dir=\"auto\" style=\"vertical-align: inherit;\">Bar Sarao<\/span><\/span><\/span><\/span><\/span><\/i><span style=\"font-weight: 400;\"><span dir=\"auto\" style=\"vertical-align: inherit;\"><span dir=\"auto\" style=\"vertical-align: inherit;\"><span dir=\"auto\" style=\"vertical-align: inherit;\"><span dir=\"auto\" style=\"vertical-align: inherit;\"> e <\/span><\/span><\/span><\/span><\/span><i><span style=\"font-weight: 400;\"><span dir=\"auto\" style=\"vertical-align: inherit;\"><span dir=\"auto\" style=\"vertical-align: inherit;\"><span dir=\"auto\" style=\"vertical-align: inherit;\"><span dir=\"auto\" style=\"vertical-align: inherit;\">no Bar El Ed\u00e9n<\/span><\/span><\/span><\/span><\/span><\/i><span style=\"font-weight: 400;\"><span dir=\"auto\" style=\"vertical-align: inherit;\"><span dir=\"auto\" style=\"vertical-align: inherit;\"><span dir=\"auto\" style=\"vertical-align: inherit;\"><span dir=\"auto\" style=\"vertical-align: inherit;\"> , degustaciones y <\/span><\/span><\/span><\/span><\/span><b><span dir=\"auto\" style=\"vertical-align: inherit;\"><span dir=\"auto\" style=\"vertical-align: inherit;\"><span dir=\"auto\" style=\"vertical-align: inherit;\"><span dir=\"auto\" style=\"vertical-align: inherit;\">clases magistrales <\/span><\/span><\/span><\/span><\/b><span style=\"font-weight: 400;\"><span dir=\"auto\" style=\"vertical-align: inherit;\"><span dir=\"auto\" style=\"vertical-align: inherit;\"><span dir=\"auto\" style=\"vertical-align: inherit;\"><span dir=\"auto\" style=\"vertical-align: inherit;\">reunieron a las mentes m\u00e1s curiosas del planeta. Mezcal Amar\u00e1s, Tequila Padrecito y Misaki demostraron por qu\u00e9 destacan en sus categor\u00edas: fomentando el conocimiento, la b\u00fasqueda de experiencias y el esp\u00edritu comunitario de la ICW.<\/span><\/span><\/span><\/span><\/span><\/p>\n<p><span style=\"font-weight: 400;\"><span dir=\"auto\" style=\"vertical-align: inherit;\"><span dir=\"auto\" style=\"vertical-align: inherit;\"><span dir=\"auto\" style=\"vertical-align: inherit;\"><span dir=\"auto\" style=\"vertical-align: inherit;\">La noche termin\u00f3 con una presentaci\u00f3n especial <\/span><\/span><\/span><\/span><\/span><span dir=\"auto\" style=\"vertical-align: inherit;\"><span style=\"font-weight: 400;\"><span dir=\"auto\" style=\"vertical-align: inherit;\"><span dir=\"auto\" style=\"vertical-align: inherit;\"><span dir=\"auto\" style=\"vertical-align: inherit;\">do Grupo OTC <\/span><\/span><\/span><\/span><\/span><b><span dir=\"auto\" style=\"vertical-align: inherit;\"><span dir=\"auto\" style=\"vertical-align: inherit;\"><span dir=\"auto\" style=\"vertical-align: inherit;\"><span dir=\"auto\" style=\"vertical-align: inherit;\">como bartenders convidados no <\/span><\/span><\/span><\/span><\/b><span dir=\"auto\" style=\"vertical-align: inherit;\"><i><span style=\"font-weight: 400;\"><span dir=\"auto\" style=\"vertical-align: inherit;\"><span dir=\"auto\" style=\"vertical-align: inherit;\"><span dir=\"auto\" style=\"vertical-align: inherit;\">Boodiou<\/span><\/span><\/span><\/span><\/i><span style=\"font-weight: 400;\"><span dir=\"auto\" style=\"vertical-align: inherit;\"><span dir=\"auto\" style=\"vertical-align: inherit;\"><span dir=\"auto\" style=\"vertical-align: inherit;\"> : <\/span><\/span><\/span><\/span><span style=\"font-weight: 400;\"><span dir=\"auto\" style=\"vertical-align: inherit;\"><span dir=\"auto\" style=\"vertical-align: inherit;\"><span dir=\"auto\" style=\"vertical-align: inherit;\">Lucas Knibbs, Alberto Franco y Danilo Naccaratu cerraron la primera noche con sabor, estilo y risas en una de las fiestas de Ibiza, <\/span><\/span><\/span><\/span><i><span style=\"font-weight: 400;\"><span dir=\"auto\" style=\"vertical-align: inherit;\"><span dir=\"auto\" style=\"vertical-align: inherit;\"><span dir=\"auto\" style=\"vertical-align: inherit;\">o Boodiou<\/span><\/span><\/span><\/span><\/i><span style=\"font-weight: 400;\"><span dir=\"auto\" style=\"vertical-align: inherit;\"><span dir=\"auto\" style=\"vertical-align: inherit;\"><span dir=\"auto\" style=\"vertical-align: inherit;\"> .<\/span><\/span><\/span><\/span><\/span><i><\/i><span style=\"font-weight: 400;\"><br \/>\n<\/span><i><\/i><\/p>\n<h3><b><span dir=\"auto\" style=\"vertical-align: inherit;\"><span dir=\"auto\" style=\"vertical-align: inherit;\"><span dir=\"auto\" style=\"vertical-align: inherit;\"><span dir=\"auto\" style=\"vertical-align: inherit;\">La historia se reserva... y el esp\u00e9culo cont\u00ednuo.<\/span><\/span><\/span><\/span><\/b><\/h3>\n<p><span style=\"font-weight: 400;\"><span dir=\"auto\" style=\"vertical-align: inherit;\"><span dir=\"auto\" style=\"vertical-align: inherit;\"><span dir=\"auto\" style=\"vertical-align: inherit;\"><span dir=\"auto\" style=\"vertical-align: inherit;\">El 30 de septiembre, una tormenta hist\u00f3rica inund\u00f3 el centro de Ibiza y bloque\u00f3 muchas calles. La organizaci\u00f3n tuvo que compensar la log\u00edstica - pero <\/span><\/span><\/span><\/span><\/span><b><span dir=\"auto\" style=\"vertical-align: inherit;\"><span dir=\"auto\" style=\"vertical-align: inherit;\"><span dir=\"auto\" style=\"vertical-align: inherit;\"><span dir=\"auto\" style=\"vertical-align: inherit;\">um verdadeiro bartender n\u00e3o teme a chuva <\/span><\/span><\/span><\/span><\/b><span style=\"font-weight: 400;\"><span dir=\"auto\" style=\"vertical-align: inherit;\"><span dir=\"auto\" style=\"vertical-align: inherit;\"><span dir=\"auto\" style=\"vertical-align: inherit;\"><span dir=\"auto\" style=\"vertical-align: inherit;\">. O ICW j\u00e1 era uma realidade e n\u00e3o ia desistir.<\/span><\/span><\/span><\/span><\/span><\/p>\n<p><span style=\"font-weight: 400;\"><span dir=\"auto\" style=\"vertical-align: inherit;\"><span dir=\"auto\" style=\"vertical-align: inherit;\"><span dir=\"auto\" style=\"vertical-align: inherit;\"><span dir=\"auto\" style=\"vertical-align: inherit;\">A <\/span><\/span><\/span><\/span><\/span><span dir=\"auto\" style=\"vertical-align: inherit;\"><i><span style=\"font-weight: 400;\"><span dir=\"auto\" style=\"vertical-align: inherit;\"><span dir=\"auto\" style=\"vertical-align: inherit;\"><span dir=\"auto\" style=\"vertical-align: inherit;\">Gran Final <\/span><\/span><\/span><\/span><\/i><\/span><i><span style=\"font-weight: 400;\"><span dir=\"auto\" style=\"vertical-align: inherit;\"><span dir=\"auto\" style=\"vertical-align: inherit;\"><span dir=\"auto\" style=\"vertical-align: inherit;\"><span dir=\"auto\" style=\"vertical-align: inherit;\">do Autor Cocktail (Cl\u00e1sico)<\/span><\/span><\/span><\/span><\/span><\/i><span style=\"font-weight: 400;\"><span dir=\"auto\" style=\"vertical-align: inherit;\"><span dir=\"auto\" style=\"vertical-align: inherit;\"><span dir=\"auto\" style=\"vertical-align: inherit;\"><span dir=\"auto\" style=\"vertical-align: inherit;\"> e do Flair <\/span><\/span><\/span><\/span><\/span><span dir=\"auto\" style=\"vertical-align: inherit;\"><span style=\"font-weight: 400;\"><span dir=\"auto\" style=\"vertical-align: inherit;\"><span dir=\"auto\" style=\"vertical-align: inherit;\"><span dir=\"auto\" style=\"vertical-align: inherit;\">Como de costumbre, se conceder\u00e1n m\u00e1s de 4.000 euros a los mejores finalistas y m\u00e1s de 6.000 euros a los premios totales.<\/span><\/span><\/span><\/span><\/span><i><\/i><\/p>\n<h4><b><span dir=\"auto\" style=\"vertical-align: inherit;\"><span dir=\"auto\" style=\"vertical-align: inherit;\"><span dir=\"auto\" style=\"vertical-align: inherit;\"><span dir=\"auto\" style=\"vertical-align: inherit;\">\ud83c\udfc6 EL GRAN BARTENDER IBIZA - PR\u00caMIOS<\/span><\/span><\/span><\/span><\/b><\/h4>\n<p>&nbsp;<\/p>\n<p><b><span dir=\"auto\" style=\"vertical-align: inherit;\"><span dir=\"auto\" style=\"vertical-align: inherit;\"><span dir=\"auto\" style=\"vertical-align: inherit;\"><span dir=\"auto\" style=\"vertical-align: inherit;\">Cl\u00e1ssico (Coquetel do Autor): <\/span><\/span><\/span><\/span><\/b><span dir=\"auto\" style=\"vertical-align: inherit;\"><span style=\"font-weight: 400;\"><span dir=\"auto\" style=\"vertical-align: inherit;\"><span dir=\"auto\" style=\"vertical-align: inherit;\"><span dir=\"auto\" style=\"vertical-align: inherit;\">\ud83e\udd47 Luis Tovar - 1.000 euros <\/span><\/span><\/span><\/span><span style=\"font-weight: 400;\"><span dir=\"auto\" style=\"vertical-align: inherit;\"><span dir=\"auto\" style=\"vertical-align: inherit;\"><span dir=\"auto\" style=\"vertical-align: inherit;\">\ud83e\udd48 Salva Bastida - 500 euros <\/span><\/span><\/span><\/span><span style=\"font-weight: 400;\"><span dir=\"auto\" style=\"vertical-align: inherit;\"><span dir=\"auto\" style=\"vertical-align: inherit;\"><span dir=\"auto\" style=\"vertical-align: inherit;\">\ud83e\udd49 Sa\u00fal Llata- \u20ac300<\/span><\/span><\/span><\/span><\/span><span style=\"font-weight: 400;\"><br \/>\n<\/span><\/p>\n<p><b><span dir=\"auto\" style=\"vertical-align: inherit;\"><span dir=\"auto\" style=\"vertical-align: inherit;\"><span dir=\"auto\" style=\"vertical-align: inherit;\"><span dir=\"auto\" style=\"vertical-align: inherit;\">Flair (Bartending Acrob\u00e1tico): <\/span><\/span><\/span><\/span><\/b><span dir=\"auto\" style=\"vertical-align: inherit;\"><span style=\"font-weight: 400;\"><span dir=\"auto\" style=\"vertical-align: inherit;\"><span dir=\"auto\" style=\"vertical-align: inherit;\"><span dir=\"auto\" style=\"vertical-align: inherit;\">\ud83e\udd47 Denis Trifanov - 2.000 euros <\/span><\/span><\/span><\/span><span style=\"font-weight: 400;\"><span dir=\"auto\" style=\"vertical-align: inherit;\"><span dir=\"auto\" style=\"vertical-align: inherit;\"><span dir=\"auto\" style=\"vertical-align: inherit;\">\ud83e\udd48 Michael Moreni - \u20ac 1.000 <\/span><\/span><\/span><\/span><span style=\"font-weight: 400;\"><span dir=\"auto\" style=\"vertical-align: inherit;\"><span dir=\"auto\" style=\"vertical-align: inherit;\"><span dir=\"auto\" style=\"vertical-align: inherit;\">\ud83e\udd49 Alexander De Leo - 700 euros <\/span><\/span><\/span><\/span><span style=\"font-weight: 400;\"><span dir=\"auto\" style=\"vertical-align: inherit;\"><span dir=\"auto\" style=\"vertical-align: inherit;\"><span dir=\"auto\" style=\"vertical-align: inherit;\">\ud83c\udfc5 Franco Desiata - \u20ac 300 <\/span><\/span><\/span><\/span><span style=\"font-weight: 400;\"><span dir=\"auto\" style=\"vertical-align: inherit;\"><span dir=\"auto\" style=\"vertical-align: inherit;\"><span dir=\"auto\" style=\"vertical-align: inherit;\">\ud83c\udfc5 Kiril Rudak - 150 euros <\/span><\/span><\/span><\/span><span style=\"font-weight: 400;\"><span dir=\"auto\" style=\"vertical-align: inherit;\"><span dir=\"auto\" style=\"vertical-align: inherit;\"><span dir=\"auto\" style=\"vertical-align: inherit;\">\ud83d\udc69\u200d\ud83c\udfa4 Melhor Mulher: Adri De Lucia - \u20ac 200<\/span><\/span><\/span><\/span><\/span><span style=\"font-weight: 400;\"><br \/>\n<\/span><span style=\"font-weight: 400;\"><br \/>\n<\/span><\/p>\n<h3><b><span dir=\"auto\" style=\"vertical-align: inherit;\"><span dir=\"auto\" style=\"vertical-align: inherit;\"><span dir=\"auto\" style=\"vertical-align: inherit;\"><span dir=\"auto\" style=\"vertical-align: inherit;\">Industria y<\/span><\/span><\/span><\/span><\/b><\/h3>\n<p><span style=\"font-weight: 400;\"><span dir=\"auto\" style=\"vertical-align: inherit;\"><span dir=\"auto\" style=\"vertical-align: inherit;\"><span dir=\"auto\" style=\"vertical-align: inherit;\"><span dir=\"auto\" style=\"vertical-align: inherit;\">El 1 de octubre se program\u00f3 una <\/span><\/span><\/span><\/span><\/span><b><span dir=\"auto\" style=\"vertical-align: inherit;\"><span dir=\"auto\" style=\"vertical-align: inherit;\"><span dir=\"auto\" style=\"vertical-align: inherit;\"><span dir=\"auto\" style=\"vertical-align: inherit;\">limpeza de praia em Talamanca, <\/span><\/span><\/span><\/span><\/b><span style=\"font-weight: 400;\"><span dir=\"auto\" style=\"vertical-align: inherit;\"><span dir=\"auto\" style=\"vertical-align: inherit;\"><span dir=\"auto\" style=\"vertical-align: inherit;\"><span dir=\"auto\" style=\"vertical-align: inherit;\">con el apoyo de la C\u00e1mara Municipal de Ibiza y la log\u00edstica de Coca-Cola, junto con un taller de estilo. <\/span><\/span><\/span><\/span><\/span><span dir=\"auto\" style=\"vertical-align: inherit;\"><span style=\"font-weight: 400;\"><span dir=\"auto\" style=\"vertical-align: inherit;\"><span dir=\"auto\" style=\"vertical-align: inherit;\"><span dir=\"auto\" style=\"vertical-align: inherit;\">O mau tempo obrigou ao cancelamento, mas uma semana cont\u00ednua animada com <\/span><\/span><\/span><\/span><b><span dir=\"auto\" style=\"vertical-align: inherit;\"><span dir=\"auto\" style=\"vertical-align: inherit;\"><span dir=\"auto\" style=\"vertical-align: inherit;\">a After Party oficial do The Grand Bartender <\/span><\/span><\/span><\/b><span style=\"font-weight: 400;\"><span dir=\"auto\" style=\"vertical-align: inherit;\"><span dir=\"auto\" style=\"vertical-align: inherit;\"><span dir=\"auto\" style=\"vertical-align: inherit;\">en el \u00e1rea VIP de Ocean Beach (Sant Antoni), patrocinada por Bacard\u00ed - y el lanzamiento de la Ruta Oficial de las Bares.<\/span><\/span><\/span><\/span><\/span><span style=\"font-weight: 400;\"><br \/>\n<\/span><b><\/b><\/p>\n<p><img decoding=\"async\" class=\"alignnone wp-image-91281 size-large\" src=\"https:\/\/www.greenjaribiza.com\/wp-content\/uploads\/2025\/11\/The-Bar-Route-Community-Creativity-1024x683.webp\" alt=\"\" width=\"800\" height=\"534\" srcset=\"https:\/\/www.greenjaribiza.com\/wp-content\/uploads\/2025\/11\/The-Bar-Route-Community-Creativity-1024x683.webp 1024w, https:\/\/www.greenjaribiza.com\/wp-content\/uploads\/2025\/11\/The-Bar-Route-Community-Creativity-300x200.webp 300w, https:\/\/www.greenjaribiza.com\/wp-content\/uploads\/2025\/11\/The-Bar-Route-Community-Creativity-768x512.webp 768w, https:\/\/www.greenjaribiza.com\/wp-content\/uploads\/2025\/11\/The-Bar-Route-Community-Creativity-1536x1024.webp 1536w, https:\/\/www.greenjaribiza.com\/wp-content\/uploads\/2025\/11\/The-Bar-Route-Community-Creativity-18x12.webp 18w, https:\/\/www.greenjaribiza.com\/wp-content\/uploads\/2025\/11\/The-Bar-Route-Community-Creativity-600x400.webp 600w, https:\/\/www.greenjaribiza.com\/wp-content\/uploads\/2025\/11\/The-Bar-Route-Community-Creativity.webp 1920w\" sizes=\"(max-width: 800px) 100vw, 800px\" \/><\/p>\n<h3><b><span dir=\"auto\" style=\"vertical-align: inherit;\"><span dir=\"auto\" style=\"vertical-align: inherit;\"><span dir=\"auto\" style=\"vertical-align: inherit;\"><span dir=\"auto\" style=\"vertical-align: inherit;\">El Camino de los Bares: Comunidade e Criatividade<\/span><\/span><\/span><\/span><\/b><\/h3>\n<p><span style=\"font-weight: 400;\"><span dir=\"auto\" style=\"vertical-align: inherit;\"><span dir=\"auto\" style=\"vertical-align: inherit;\"><span dir=\"auto\" style=\"vertical-align: inherit;\"><span dir=\"auto\" style=\"vertical-align: inherit;\">Los d\u00edas 2, 3 y 4 de octubre, <\/span><\/span><\/span><\/span><\/span><b><span dir=\"auto\" style=\"vertical-align: inherit;\"><span dir=\"auto\" style=\"vertical-align: inherit;\"><span dir=\"auto\" style=\"vertical-align: inherit;\"><span dir=\"auto\" style=\"vertical-align: inherit;\">8 bares em Ibiza <\/span><\/span><\/span><\/span><\/b><span style=\"font-weight: 400;\"><span dir=\"auto\" style=\"vertical-align: inherit;\"><span dir=\"auto\" style=\"vertical-align: inherit;\"><span dir=\"auto\" style=\"vertical-align: inherit;\"><span dir=\"auto\" style=\"vertical-align: inherit;\">Transforme la ciudad en un centro de coquetes repleto de bebidas exclusivas y nuevas conexiones.<\/span><\/span><\/span><\/span><\/span><\/p>\n<p><span style=\"font-weight: 400;\"><span dir=\"auto\" style=\"vertical-align: inherit;\"><span dir=\"auto\" style=\"vertical-align: inherit;\"><span dir=\"auto\" style=\"vertical-align: inherit;\"><span dir=\"auto\" style=\"vertical-align: inherit;\">La pulsera ICW da acceso a precios especiales y a <\/span><\/span><\/span><\/span><\/span><b><span dir=\"auto\" style=\"vertical-align: inherit;\"><span dir=\"auto\" style=\"vertical-align: inherit;\"><span dir=\"auto\" style=\"vertical-align: inherit;\"><span dir=\"auto\" style=\"vertical-align: inherit;\">votaci\u00f3n p\u00fablica <\/span><\/span><\/span><\/span><\/b><span style=\"font-weight: 400;\"><span dir=\"auto\" style=\"vertical-align: inherit;\"><span dir=\"auto\" style=\"vertical-align: inherit;\"><span dir=\"auto\" style=\"vertical-align: inherit;\"><span dir=\"auto\" style=\"vertical-align: inherit;\">para:<\/span><\/span><\/span><\/span><\/span><\/p>\n<ul>\n<li style=\"font-weight: 400;\" aria-level=\"1\"><span style=\"font-weight: 400;\"><span dir=\"auto\" style=\"vertical-align: inherit;\"><span dir=\"auto\" style=\"vertical-align: inherit;\"><span dir=\"auto\" style=\"vertical-align: inherit;\"><span dir=\"auto\" style=\"vertical-align: inherit;\">El mejor coquet\u00e9<\/span><\/span><\/span><\/span><\/span><\/li>\n<li style=\"font-weight: 400;\" aria-level=\"1\"><span style=\"font-weight: 400;\"><span dir=\"auto\" style=\"vertical-align: inherit;\"><span dir=\"auto\" style=\"vertical-align: inherit;\"><span dir=\"auto\" style=\"vertical-align: inherit;\"><span dir=\"auto\" style=\"vertical-align: inherit;\">Melhor coquetel Km0<\/span><\/span><\/span><\/span><\/span><\/li>\n<li style=\"font-weight: 400;\" aria-level=\"1\"><span style=\"font-weight: 400;\"><span dir=\"auto\" style=\"vertical-align: inherit;\"><span dir=\"auto\" style=\"vertical-align: inherit;\"><span dir=\"auto\" style=\"vertical-align: inherit;\"><span dir=\"auto\" style=\"vertical-align: inherit;\">Melhor Bar<\/span><\/span><\/span><\/span><\/span><\/li>\n<li style=\"font-weight: 400;\" aria-level=\"1\"><span style=\"font-weight: 400;\"><span dir=\"auto\" style=\"vertical-align: inherit;\"><span dir=\"auto\" style=\"vertical-align: inherit;\"><span dir=\"auto\" style=\"vertical-align: inherit;\"><span dir=\"auto\" style=\"vertical-align: inherit;\">Melhor Barman<\/span><\/span><\/span><\/span><\/span><\/li>\n<\/ul>\n<p><b><span dir=\"auto\" style=\"vertical-align: inherit;\"><span dir=\"auto\" style=\"vertical-align: inherit;\"><span dir=\"auto\" style=\"vertical-align: inherit;\"><span dir=\"auto\" style=\"vertical-align: inherit;\">Bares participantes: <\/span><\/span><\/span><\/span><\/b><span dir=\"auto\" style=\"vertical-align: inherit;\"><span style=\"font-weight: 400;\"><span dir=\"auto\" style=\"vertical-align: inherit;\"><span dir=\"auto\" style=\"vertical-align: inherit;\"><span dir=\"auto\" style=\"vertical-align: inherit;\">Boodiou, Chidas, 1805, Pi\u00f1a Bar, La Esquina, Paradise Lost, Es Mercat e La Taper\u00eda.<\/span><\/span><\/span><\/span><\/span><b><br \/>\n<\/b><\/p>\n<p><span style=\"font-weight: 400;\"><span dir=\"auto\" style=\"vertical-align: inherit;\"><span dir=\"auto\" style=\"vertical-align: inherit;\"><span dir=\"auto\" style=\"vertical-align: inherit;\"><span dir=\"auto\" style=\"vertical-align: inherit;\">No dia 5 de outubro, <\/span><\/span><\/span><\/span><\/span><i><span style=\"font-weight: 400;\"><span dir=\"auto\" style=\"vertical-align: inherit;\"><span dir=\"auto\" style=\"vertical-align: inherit;\"><span dir=\"auto\" style=\"vertical-align: inherit;\"><span dir=\"auto\" style=\"vertical-align: inherit;\">La Esquina<\/span><\/span><\/span><\/span><\/span><\/i><span style=\"font-weight: 400;\"><span dir=\"auto\" style=\"vertical-align: inherit;\"><span dir=\"auto\" style=\"vertical-align: inherit;\"><span dir=\"auto\" style=\"vertical-align: inherit;\"><span dir=\"auto\" style=\"vertical-align: inherit;\"> ofereceu um <\/span><\/span><\/span><\/span><\/span><b><span dir=\"auto\" style=\"vertical-align: inherit;\"><span dir=\"auto\" style=\"vertical-align: inherit;\"><span dir=\"auto\" style=\"vertical-align: inherit;\"><span dir=\"auto\" style=\"vertical-align: inherit;\">brunch de clausura y ceremonia de entrega de trofeos <\/span><\/span><\/span><\/span><\/b><span style=\"font-weight: 400;\"><span dir=\"auto\" style=\"vertical-align: inherit;\"><span dir=\"auto\" style=\"vertical-align: inherit;\"><span dir=\"auto\" style=\"vertical-align: inherit;\"><span dir=\"auto\" style=\"vertical-align: inherit;\">donde se anunciaron los vencedores:<\/span><\/span><\/span><\/span><\/span><\/p>\n<ul>\n<li style=\"font-weight: 400;\" aria-level=\"1\"><b><span dir=\"auto\" style=\"vertical-align: inherit;\"><span dir=\"auto\" style=\"vertical-align: inherit;\"><span dir=\"auto\" style=\"vertical-align: inherit;\"><span dir=\"auto\" style=\"vertical-align: inherit;\">Melhor Barman <\/span><\/span><\/span><\/span><\/b><span style=\"font-weight: 400;\"><span dir=\"auto\" style=\"vertical-align: inherit;\"><span dir=\"auto\" style=\"vertical-align: inherit;\"><span dir=\"auto\" style=\"vertical-align: inherit;\"><span dir=\"auto\" style=\"vertical-align: inherit;\">: Louis Espinasse ( <\/span><\/span><\/span><\/span><\/span><i><span style=\"font-weight: 400;\"><span dir=\"auto\" style=\"vertical-align: inherit;\"><span dir=\"auto\" style=\"vertical-align: inherit;\"><span dir=\"auto\" style=\"vertical-align: inherit;\"><span dir=\"auto\" style=\"vertical-align: inherit;\">Boodiou<\/span><\/span><\/span><\/span><\/span><\/i><span style=\"font-weight: 400;\"><span dir=\"auto\" style=\"vertical-align: inherit;\"><span dir=\"auto\" style=\"vertical-align: inherit;\"><span dir=\"auto\" style=\"vertical-align: inherit;\"><span dir=\"auto\" style=\"vertical-align: inherit;\"> )<\/span><\/span><\/span><\/span><\/span><\/li>\n<li style=\"font-weight: 400;\" aria-level=\"1\"><b><span dir=\"auto\" style=\"vertical-align: inherit;\"><span dir=\"auto\" style=\"vertical-align: inherit;\"><span dir=\"auto\" style=\"vertical-align: inherit;\"><span dir=\"auto\" style=\"vertical-align: inherit;\">Melhor bar <\/span><\/span><\/span><\/span><\/b><span style=\"font-weight: 400;\"><span dir=\"auto\" style=\"vertical-align: inherit;\"><span dir=\"auto\" style=\"vertical-align: inherit;\"><span dir=\"auto\" style=\"vertical-align: inherit;\"><span dir=\"auto\" style=\"vertical-align: inherit;\">: <\/span><\/span><\/span><\/span><\/span><i><span style=\"font-weight: 400;\"><span dir=\"auto\" style=\"vertical-align: inherit;\"><span dir=\"auto\" style=\"vertical-align: inherit;\"><span dir=\"auto\" style=\"vertical-align: inherit;\"><span dir=\"auto\" style=\"vertical-align: inherit;\">La Taper\u00eda<\/span><\/span><\/span><\/span><\/span><\/i><\/li>\n<li style=\"font-weight: 400;\" aria-level=\"1\"><b><span dir=\"auto\" style=\"vertical-align: inherit;\"><span dir=\"auto\" style=\"vertical-align: inherit;\"><span dir=\"auto\" style=\"vertical-align: inherit;\"><span dir=\"auto\" style=\"vertical-align: inherit;\">Melhor Coquetel <\/span><\/span><\/span><\/span><\/b><span style=\"font-weight: 400;\"><span dir=\"auto\" style=\"vertical-align: inherit;\"><span dir=\"auto\" style=\"vertical-align: inherit;\"><span dir=\"auto\" style=\"vertical-align: inherit;\"><span dir=\"auto\" style=\"vertical-align: inherit;\">: \"El Bestia\" - Francesca Polese ( <\/span><\/span><\/span><\/span><\/span><i><span style=\"font-weight: 400;\"><span dir=\"auto\" style=\"vertical-align: inherit;\"><span dir=\"auto\" style=\"vertical-align: inherit;\"><span dir=\"auto\" style=\"vertical-align: inherit;\"><span dir=\"auto\" style=\"vertical-align: inherit;\">La Taper\u00eda<\/span><\/span><\/span><\/span><\/span><\/i><span style=\"font-weight: 400;\"><span dir=\"auto\" style=\"vertical-align: inherit;\"><span dir=\"auto\" style=\"vertical-align: inherit;\"><span dir=\"auto\" style=\"vertical-align: inherit;\"><span dir=\"auto\" style=\"vertical-align: inherit;\"> )<\/span><\/span><\/span><\/span><\/span><\/li>\n<li style=\"font-weight: 400;\" aria-level=\"1\"><b><span dir=\"auto\" style=\"vertical-align: inherit;\"><span dir=\"auto\" style=\"vertical-align: inherit;\"><span dir=\"auto\" style=\"vertical-align: inherit;\"><span dir=\"auto\" style=\"vertical-align: inherit;\">Melhor Coquetel Km0 <\/span><\/span><\/span><\/span><\/b><span style=\"font-weight: 400;\"><span dir=\"auto\" style=\"vertical-align: inherit;\"><span dir=\"auto\" style=\"vertical-align: inherit;\"><span dir=\"auto\" style=\"vertical-align: inherit;\"><span dir=\"auto\" style=\"vertical-align: inherit;\">: \"Bullit de Pomelo\" - Alejandro Barron ( <\/span><\/span><\/span><\/span><\/span><i><span style=\"font-weight: 400;\"><span dir=\"auto\" style=\"vertical-align: inherit;\"><span dir=\"auto\" style=\"vertical-align: inherit;\"><span dir=\"auto\" style=\"vertical-align: inherit;\"><span dir=\"auto\" style=\"vertical-align: inherit;\">Es Mercat<\/span><\/span><\/span><\/span><\/span><\/i><span style=\"font-weight: 400;\"><span dir=\"auto\" style=\"vertical-align: inherit;\"><span dir=\"auto\" style=\"vertical-align: inherit;\"><span dir=\"auto\" style=\"vertical-align: inherit;\"><span dir=\"auto\" style=\"vertical-align: inherit;\"> )<\/span><\/span><\/span><\/span><\/span><\/li>\n<\/ul>\n<h2><b><span dir=\"auto\" style=\"vertical-align: inherit;\"><span dir=\"auto\" style=\"vertical-align: inherit;\"><span dir=\"auto\" style=\"vertical-align: inherit;\"><span dir=\"auto\" style=\"vertical-align: inherit;\">O que nos deixou na Ibiza Cocktail Week 2025?<\/span><\/span><\/span><\/span><\/b><\/h2>\n<p><span style=\"font-weight: 400;\"><span dir=\"auto\" style=\"vertical-align: inherit;\"><span dir=\"auto\" style=\"vertical-align: inherit;\"><span dir=\"auto\" style=\"vertical-align: inherit;\"><span dir=\"auto\" style=\"vertical-align: inherit;\">Mais do que uma agenda lotada, <\/span><\/span><\/span><\/span><\/span><b><span dir=\"auto\" style=\"vertical-align: inherit;\"><span dir=\"auto\" style=\"vertical-align: inherit;\"><span dir=\"auto\" style=\"vertical-align: inherit;\"><span dir=\"auto\" style=\"vertical-align: inherit;\">esta segunda edici\u00f3n nos proporcion\u00f3 un aprendizaje real <\/span><\/span><\/span><\/span><\/b><span style=\"font-weight: 400;\"><span dir=\"auto\" style=\"vertical-align: inherit;\"><span dir=\"auto\" style=\"vertical-align: inherit;\"><span dir=\"auto\" style=\"vertical-align: inherit;\"><span dir=\"auto\" style=\"vertical-align: inherit;\">, troca de experi\u00eancias e uma rede local que continua a crescer com prop\u00f3sito. <\/span><\/span><\/span><\/span><\/span><span dir=\"auto\" style=\"vertical-align: inherit;\"><span style=\"font-weight: 400;\"><span dir=\"auto\" style=\"vertical-align: inherit;\"><span dir=\"auto\" style=\"vertical-align: inherit;\"><span dir=\"auto\" style=\"vertical-align: inherit;\">Ela provou que <\/span><\/span><\/span><\/span><b><span dir=\"auto\" style=\"vertical-align: inherit;\"><span dir=\"auto\" style=\"vertical-align: inherit;\"><span dir=\"auto\" style=\"vertical-align: inherit;\">Ibiza brilla no s\u00f3lo por sus paisajes, sino tambi\u00e9n por el talento de sus bares <\/span><\/span><\/span><\/b><span style=\"font-weight: 400;\"><span dir=\"auto\" style=\"vertical-align: inherit;\"><span dir=\"auto\" style=\"vertical-align: inherit;\"><span dir=\"auto\" style=\"vertical-align: inherit;\">- una comunidad profesional ya firmemente establecida en el mapa gastron\u00f3mico mundial.<\/span><\/span><\/span><\/span><\/span><span style=\"font-weight: 400;\"><br \/>\n<\/span><b><\/b><\/p>\n<p><span style=\"font-weight: 400;\"><span dir=\"auto\" style=\"vertical-align: inherit;\"><span dir=\"auto\" style=\"vertical-align: inherit;\"><span dir=\"auto\" style=\"vertical-align: inherit;\"><span dir=\"auto\" style=\"vertical-align: inherit;\">Pero, por encima de todo, nos dej\u00f3 una poderosa conexi\u00f3n de <\/span><\/span><\/span><\/span><\/span><b><span dir=\"auto\" style=\"vertical-align: inherit;\"><span dir=\"auto\" style=\"vertical-align: inherit;\"><span dir=\"auto\" style=\"vertical-align: inherit;\"><span dir=\"auto\" style=\"vertical-align: inherit;\">uni\u00e3o <\/span><\/span><\/span><\/span><\/b><span style=\"font-weight: 400;\"><span dir=\"auto\" style=\"vertical-align: inherit;\"><span dir=\"auto\" style=\"vertical-align: inherit;\"><span dir=\"auto\" style=\"vertical-align: inherit;\"><span dir=\"auto\" style=\"vertical-align: inherit;\">. <\/span><\/span><\/span><\/span><\/span><span dir=\"auto\" style=\"vertical-align: inherit;\"><span style=\"font-weight: 400;\"><span dir=\"auto\" style=\"vertical-align: inherit;\"><span dir=\"auto\" style=\"vertical-align: inherit;\"><span dir=\"auto\" style=\"vertical-align: inherit;\">A pesar del fuerte temporal y del mal tiempo durante toda la semana, <\/span><\/span><\/span><\/span><b><span dir=\"auto\" style=\"vertical-align: inherit;\"><span dir=\"auto\" style=\"vertical-align: inherit;\"><span dir=\"auto\" style=\"vertical-align: inherit;\">la comunidad de barmans, las marcas y los establecimientos se mantienen firmes <\/span><\/span><\/span><\/b><span style=\"font-weight: 400;\"><span dir=\"auto\" style=\"vertical-align: inherit;\"><span dir=\"auto\" style=\"vertical-align: inherit;\"><span dir=\"auto\" style=\"vertical-align: inherit;\">. <\/span><\/span><\/span><\/span><span style=\"font-weight: 400;\"><span dir=\"auto\" style=\"vertical-align: inherit;\"><span dir=\"auto\" style=\"vertical-align: inherit;\"><span dir=\"auto\" style=\"vertical-align: inherit;\">Nadie se desanim\u00f3: los eventos continuaron, los bares se movieron y la energ\u00eda del p\u00fablico mantuvo todas las actividades en pleno funcionamiento.<\/span><\/span><\/span><\/span><\/span><span style=\"font-weight: 400;\"><br \/>\n<\/span><b><\/b><span style=\"font-weight: 400;\"><br \/>\n<\/span><\/p>\n<p><span style=\"font-weight: 400;\"><span dir=\"auto\" style=\"vertical-align: inherit;\"><span dir=\"auto\" style=\"vertical-align: inherit;\"><span dir=\"auto\" style=\"vertical-align: inherit;\"><span dir=\"auto\" style=\"vertical-align: inherit;\">Esse esp\u00edrito \u00e9 o que define Ibiza: <\/span><\/span><\/span><\/span><\/span><b><span dir=\"auto\" style=\"vertical-align: inherit;\"><span dir=\"auto\" style=\"vertical-align: inherit;\"><span dir=\"auto\" style=\"vertical-align: inherit;\"><span dir=\"auto\" style=\"vertical-align: inherit;\">resiliencia, paz y solidaridad <\/span><\/span><\/span><\/span><\/b><span style=\"font-weight: 400;\"><span dir=\"auto\" style=\"vertical-align: inherit;\"><span dir=\"auto\" style=\"vertical-align: inherit;\"><span dir=\"auto\" style=\"vertical-align: inherit;\"><span dir=\"auto\" style=\"vertical-align: inherit;\">. <\/span><\/span><\/span><\/span><\/span><span dir=\"auto\" style=\"vertical-align: inherit;\"><span style=\"font-weight: 400;\"><span dir=\"auto\" style=\"vertical-align: inherit;\"><span dir=\"auto\" style=\"vertical-align: inherit;\"><span dir=\"auto\" style=\"vertical-align: inherit;\">Porque aqu\u00ed, <\/span><\/span><\/span><\/span><b><span dir=\"auto\" style=\"vertical-align: inherit;\"><span dir=\"auto\" style=\"vertical-align: inherit;\"><span dir=\"auto\" style=\"vertical-align: inherit;\">el bar tambi\u00e9n es cultura <\/span><\/span><\/span><\/b><span style=\"font-weight: 400;\"><span dir=\"auto\" style=\"vertical-align: inherit;\"><span dir=\"auto\" style=\"vertical-align: inherit;\"><span dir=\"auto\" style=\"vertical-align: inherit;\">, <\/span><\/span><\/span><\/span><span style=\"font-weight: 400;\"><span dir=\"auto\" style=\"vertical-align: inherit;\"><span dir=\"auto\" style=\"vertical-align: inherit;\"><span dir=\"auto\" style=\"vertical-align: inherit;\">y la comunidad por detr\u00e1s es m\u00e1s grande, fuerte y vibrante que nunca.<\/span><\/span><\/span><\/span><\/span><span style=\"font-weight: 400;\"><br \/>\n<\/span><b><\/b><span style=\"font-weight: 400;\"><br \/>\n<\/span><\/p>\n<p><img decoding=\"async\" class=\"alignnone wp-image-91282 size-large\" src=\"https:\/\/www.greenjaribiza.com\/wp-content\/uploads\/2025\/11\/ibiza-cocktail-week-1024x1024.webp\" alt=\"\" width=\"800\" height=\"800\" srcset=\"https:\/\/www.greenjaribiza.com\/wp-content\/uploads\/2025\/11\/ibiza-cocktail-week-1024x1024.webp 1024w, https:\/\/www.greenjaribiza.com\/wp-content\/uploads\/2025\/11\/ibiza-cocktail-week-300x300.webp 300w, https:\/\/www.greenjaribiza.com\/wp-content\/uploads\/2025\/11\/ibiza-cocktail-week-150x150.webp 150w, https:\/\/www.greenjaribiza.com\/wp-content\/uploads\/2025\/11\/ibiza-cocktail-week-768x768.webp 768w, https:\/\/www.greenjaribiza.com\/wp-content\/uploads\/2025\/11\/ibiza-cocktail-week-12x12.webp 12w, https:\/\/www.greenjaribiza.com\/wp-content\/uploads\/2025\/11\/ibiza-cocktail-week-600x600.webp 600w, https:\/\/www.greenjaribiza.com\/wp-content\/uploads\/2025\/11\/ibiza-cocktail-week-100x100.webp 100w, https:\/\/www.greenjaribiza.com\/wp-content\/uploads\/2025\/11\/ibiza-cocktail-week.webp 1485w\" sizes=\"(max-width: 800px) 100vw, 800px\" \/><\/p>\n<h3><b><span dir=\"auto\" style=\"vertical-align: inherit;\"><span dir=\"auto\" style=\"vertical-align: inherit;\"><span dir=\"auto\" style=\"vertical-align: inherit;\"><span dir=\"auto\" style=\"vertical-align: inherit;\">OBRIGADO<\/span><\/span><\/span><\/span><\/b><\/h3>\n<p><span style=\"font-weight: 400;\"><span dir=\"auto\" style=\"vertical-align: inherit;\"><span dir=\"auto\" style=\"vertical-align: inherit;\"><span dir=\"auto\" style=\"vertical-align: inherit;\"><span dir=\"auto\" style=\"vertical-align: inherit;\">Las marcas que acreditan en la isla - <\/span><\/span><\/span><\/span><\/span><b><span dir=\"auto\" style=\"vertical-align: inherit;\"><span dir=\"auto\" style=\"vertical-align: inherit;\"><span dir=\"auto\" style=\"vertical-align: inherit;\"><span dir=\"auto\" style=\"vertical-align: inherit;\">Bacard\u00ed, Coca-Cola, Tequila Padrecito, Hierbas Ibicencas Mari Mayans, Mezcal C\u00f3mplice, Mezcal Amar\u00e1s, Bes Gin, Zitromac, Fabbri, Compagnia dei Caraibi, Grupo OTC <\/span><\/span><\/span><\/span><\/b><span style=\"font-weight: 400;\"><span dir=\"auto\" style=\"vertical-align: inherit;\"><span dir=\"auto\" style=\"vertical-align: inherit;\"><span dir=\"auto\" style=\"vertical-align: inherit;\"><span dir=\"auto\" style=\"vertical-align: inherit;\">. <\/span><\/span><\/span><\/span><\/span><span dir=\"auto\" style=\"vertical-align: inherit;\"><span style=\"font-weight: 400;\"><span dir=\"auto\" style=\"vertical-align: inherit;\"><span dir=\"auto\" style=\"vertical-align: inherit;\"><span dir=\"auto\" style=\"vertical-align: inherit;\">Aos locais - <\/span><\/span><\/span><\/span><b><span dir=\"auto\" style=\"vertical-align: inherit;\"><span dir=\"auto\" style=\"vertical-align: inherit;\"><span dir=\"auto\" style=\"vertical-align: inherit;\">Teatro Pereyra, La Esquina, Boodiou, La Taper\u00eda, Bar 1805, Chidas, Es Mercat, Paradise Lost Ibiza, Pi\u00f1a Bar, Ocean Beach <\/span><\/span><\/span><\/b><span style=\"font-weight: 400;\"><span dir=\"auto\" style=\"vertical-align: inherit;\"><span dir=\"auto\" style=\"vertical-align: inherit;\"><span dir=\"auto\" style=\"vertical-align: inherit;\">. <\/span><\/span><\/span><\/span><span style=\"font-weight: 400;\"><span dir=\"auto\" style=\"vertical-align: inherit;\"><span dir=\"auto\" style=\"vertical-align: inherit;\"><span dir=\"auto\" style=\"vertical-align: inherit;\">E a cada barman, juiz e volunt\u00e1rio que realizou um sonho em uma semana hist\u00f3rica.<\/span><\/span><\/span><\/span><\/span><span style=\"font-weight: 400;\"><br \/>\n<\/span><b><\/b><span style=\"font-weight: 400;\"><br \/>\n<\/span><\/p>\n<h2><b><span dir=\"auto\" style=\"vertical-align: inherit;\"><span dir=\"auto\" style=\"vertical-align: inherit;\"><span dir=\"auto\" style=\"vertical-align: inherit;\"><span dir=\"auto\" style=\"vertical-align: inherit;\">A Ibiza Cocktail Week veio para ficar. <\/span><\/span><\/span><\/span><\/b><span dir=\"auto\" style=\"vertical-align: inherit;\"><span style=\"font-weight: 400;\"><span dir=\"auto\" style=\"vertical-align: inherit;\"><span dir=\"auto\" style=\"vertical-align: inherit;\"><span dir=\"auto\" style=\"vertical-align: inherit;\">Y naci\u00f3 con una misi\u00f3n: <\/span><\/span><\/span><\/span><b><span dir=\"auto\" style=\"vertical-align: inherit;\"><span dir=\"auto\" style=\"vertical-align: inherit;\"><span dir=\"auto\" style=\"vertical-align: inherit;\">a cultura dos coquet\u00e9is, a hospitalidade e a comunidade obrigat\u00f3ria andar de m\u00e3os dadas.<\/span><\/span><\/span><\/b><\/span><\/h2>\n<p><span dir=\"auto\" style=\"vertical-align: inherit;\"><span dir=\"auto\" style=\"vertical-align: inherit;\">M\u00e1s informaci\u00f3n: <a href=\"http:\/\/Ibizacocktailweek.es\">http:\/\/Ibizacocktailweek.es<\/a><\/span><\/span><\/p>","protected":false},"excerpt":{"rendered":"<p>Ibiza Cocktail Week: uma ilha, uma comunidade e o bar como cultura. Por Green Jar Ibiza A primeira edi\u00e7\u00e3o da Ibiza Cocktail Week (ICW) proporcionou sete dias em que a cultura dos cocktails saiu dos balc\u00f5es e tomou conta de teatros, pra\u00e7as e praias. O evento reuniu profissionais, marcas e o p\u00fablico numa celebra\u00e7\u00e3o da [&hellip;]<\/p>\n","protected":false},"author":2,"featured_media":91277,"comment_status":"open","ping_status":"open","sticky":false,"template":"","format":"standard","meta":{"footnotes":""},"categories":[58],"tags":[],"class_list":["post-91271","post","type-post","status-publish","format-standard","has-post-thumbnail","hentry","category-eventos-en-ibiza"],"yoast_head":"<!-- This site is optimized with the Yoast SEO plugin v26.5 - https:\/\/yoast.com\/wordpress\/plugins\/seo\/ -->\n<title>Ibiza Cocktail Week: A Celebration of Cocktails - Green Jar Ibiza<\/title>\n<meta name=\"description\" content=\"Explore the excitement of Ibiza Cocktail Week, where cocktails took over theaters, squares, and beaches in a vibrant celebration.\" \/>\n<meta name=\"robots\" content=\"index, follow, max-snippet:-1, max-image-preview:large, max-video-preview:-1\" \/>\n<link rel=\"canonical\" href=\"https:\/\/www.greenjaribiza.com\/es\/ibiza-cocktail-week-una-isla-una-comunidad-y-el-bar-como-cultura\/\" \/>\n<meta property=\"og:locale\" content=\"es_ES\" \/>\n<meta property=\"og:type\" content=\"article\" \/>\n<meta property=\"og:title\" content=\"Ibiza Cocktail Week: A Celebration of Cocktails - Green Jar Ibiza\" \/>\n<meta property=\"og:description\" content=\"Explore the excitement of Ibiza Cocktail Week, where cocktails took over theaters, squares, and beaches in a vibrant celebration.\" \/>\n<meta property=\"og:url\" content=\"https:\/\/www.greenjaribiza.com\/es\/ibiza-cocktail-week-una-isla-una-comunidad-y-el-bar-como-cultura\/\" \/>\n<meta property=\"og:site_name\" content=\"Green Jar Ibiza\" \/>\n<meta property=\"article:publisher\" content=\"https:\/\/www.facebook.com\/GreenJarIbiza\" \/>\n<meta property=\"article:published_time\" content=\"2025-11-01T21:36:38+00:00\" \/>\n<meta property=\"article:modified_time\" content=\"2026-03-26T18:29:04+00:00\" \/>\n<meta property=\"og:image\" content=\"https:\/\/www.greenjaribiza.com\/wp-content\/uploads\/2025\/11\/ibiza-cocktail-week-one-island-one-community-and-the-bar-as-culture.webp\" \/>\n\t<meta property=\"og:image:width\" content=\"1920\" \/>\n\t<meta property=\"og:image:height\" content=\"1280\" \/>\n\t<meta property=\"og:image:type\" content=\"image\/webp\" \/>\n<meta name=\"author\" content=\"greenjar\" \/>\n<meta name=\"twitter:card\" content=\"summary_large_image\" \/>\n<meta name=\"twitter:label1\" content=\"Escrito por\" \/>\n\t<meta name=\"twitter:data1\" content=\"greenjar\" \/>\n\t<meta name=\"twitter:label2\" content=\"Tiempo de lectura\" \/>\n\t<meta name=\"twitter:data2\" content=\"6 minutos\" \/>\n<script type=\"application\/ld+json\" class=\"yoast-schema-graph\">{\"@context\":\"https:\/\/schema.org\",\"@graph\":[{\"@type\":\"Article\",\"@id\":\"https:\/\/www.greenjaribiza.com\/ibiza-cocktail-week-one-island-one-community-and-the-bar-as-culture\/#article\",\"isPartOf\":{\"@id\":\"https:\/\/www.greenjaribiza.com\/ibiza-cocktail-week-one-island-one-community-and-the-bar-as-culture\/\"},\"author\":{\"name\":\"greenjar\",\"@id\":\"https:\/\/www.greenjaribiza.com\/#\/schema\/person\/90ebadf12f9b14044b619c5970db3f76\"},\"headline\":\"Ibiza Cocktail Week: one island, one community, and the bar as culture\",\"datePublished\":\"2025-11-01T21:36:38+00:00\",\"dateModified\":\"2026-03-26T18:29:04+00:00\",\"mainEntityOfPage\":{\"@id\":\"https:\/\/www.greenjaribiza.com\/ibiza-cocktail-week-one-island-one-community-and-the-bar-as-culture\/\"},\"wordCount\":1035,\"commentCount\":0,\"publisher\":{\"@id\":\"https:\/\/www.greenjaribiza.com\/#organization\"},\"image\":{\"@id\":\"https:\/\/www.greenjaribiza.com\/ibiza-cocktail-week-one-island-one-community-and-the-bar-as-culture\/#primaryimage\"},\"thumbnailUrl\":\"https:\/\/www.greenjaribiza.com\/wp-content\/uploads\/2025\/11\/ibiza-cocktail-week-one-island-one-community-and-the-bar-as-culture.webp\",\"articleSection\":[\"Eventos en Ibiza\"],\"inLanguage\":\"es\",\"potentialAction\":[{\"@type\":\"CommentAction\",\"name\":\"Comment\",\"target\":[\"https:\/\/www.greenjaribiza.com\/ibiza-cocktail-week-one-island-one-community-and-the-bar-as-culture\/#respond\"]}]},{\"@type\":\"WebPage\",\"@id\":\"https:\/\/www.greenjaribiza.com\/ibiza-cocktail-week-one-island-one-community-and-the-bar-as-culture\/\",\"url\":\"https:\/\/www.greenjaribiza.com\/ibiza-cocktail-week-one-island-one-community-and-the-bar-as-culture\/\",\"name\":\"Ibiza Cocktail Week: A Celebration of Cocktails - Green Jar Ibiza\",\"isPartOf\":{\"@id\":\"https:\/\/www.greenjaribiza.com\/#website\"},\"primaryImageOfPage\":{\"@id\":\"https:\/\/www.greenjaribiza.com\/ibiza-cocktail-week-one-island-one-community-and-the-bar-as-culture\/#primaryimage\"},\"image\":{\"@id\":\"https:\/\/www.greenjaribiza.com\/ibiza-cocktail-week-one-island-one-community-and-the-bar-as-culture\/#primaryimage\"},\"thumbnailUrl\":\"https:\/\/www.greenjaribiza.com\/wp-content\/uploads\/2025\/11\/ibiza-cocktail-week-one-island-one-community-and-the-bar-as-culture.webp\",\"datePublished\":\"2025-11-01T21:36:38+00:00\",\"dateModified\":\"2026-03-26T18:29:04+00:00\",\"description\":\"Explore the excitement of Ibiza Cocktail Week, where cocktails took over theaters, squares, and beaches in a vibrant celebration.\",\"breadcrumb\":{\"@id\":\"https:\/\/www.greenjaribiza.com\/ibiza-cocktail-week-one-island-one-community-and-the-bar-as-culture\/#breadcrumb\"},\"inLanguage\":\"es\",\"potentialAction\":[{\"@type\":\"ReadAction\",\"target\":[\"https:\/\/www.greenjaribiza.com\/ibiza-cocktail-week-one-island-one-community-and-the-bar-as-culture\/\"]}]},{\"@type\":\"ImageObject\",\"inLanguage\":\"es\",\"@id\":\"https:\/\/www.greenjaribiza.com\/ibiza-cocktail-week-one-island-one-community-and-the-bar-as-culture\/#primaryimage\",\"url\":\"https:\/\/www.greenjaribiza.com\/wp-content\/uploads\/2025\/11\/ibiza-cocktail-week-one-island-one-community-and-the-bar-as-culture.webp\",\"contentUrl\":\"https:\/\/www.greenjaribiza.com\/wp-content\/uploads\/2025\/11\/ibiza-cocktail-week-one-island-one-community-and-the-bar-as-culture.webp\",\"width\":1920,\"height\":1280},{\"@type\":\"BreadcrumbList\",\"@id\":\"https:\/\/www.greenjaribiza.com\/ibiza-cocktail-week-one-island-one-community-and-the-bar-as-culture\/#breadcrumb\",\"itemListElement\":[{\"@type\":\"ListItem\",\"position\":1,\"name\":\"Home\",\"item\":\"https:\/\/www.greenjaribiza.com\/en\/\"},{\"@type\":\"ListItem\",\"position\":2,\"name\":\"Ibiza Cocktail Week: one island, one community, and the bar as culture\"}]},{\"@type\":\"WebSite\",\"@id\":\"https:\/\/www.greenjaribiza.com\/#website\",\"url\":\"https:\/\/www.greenjaribiza.com\/\",\"name\":\"Green Jar Ibiza\",\"description\":\"Cocktail Bar Catering Ibiza\",\"publisher\":{\"@id\":\"https:\/\/www.greenjaribiza.com\/#organization\"},\"alternateName\":\"Green Jar Ibiza\",\"potentialAction\":[{\"@type\":\"SearchAction\",\"target\":{\"@type\":\"EntryPoint\",\"urlTemplate\":\"https:\/\/www.greenjaribiza.com\/?s={search_term_string}\"},\"query-input\":{\"@type\":\"PropertyValueSpecification\",\"valueRequired\":true,\"valueName\":\"search_term_string\"}}],\"inLanguage\":\"es\"},{\"@type\":\"Organization\",\"@id\":\"https:\/\/www.greenjaribiza.com\/#organization\",\"name\":\"Green Jar Ibiza\",\"alternateName\":\"Green Jar Ibiza Cocktail Company\",\"url\":\"https:\/\/www.greenjaribiza.com\/\",\"logo\":{\"@type\":\"ImageObject\",\"inLanguage\":\"es\",\"@id\":\"https:\/\/www.greenjaribiza.com\/#\/schema\/logo\/image\/\",\"url\":\"https:\/\/www.greenjaribiza.com\/wp-content\/uploads\/2025\/02\/greenjar-ibiza-bar-cocktail-catering.png\",\"contentUrl\":\"https:\/\/www.greenjaribiza.com\/wp-content\/uploads\/2025\/02\/greenjar-ibiza-bar-cocktail-catering.png\",\"width\":300,\"height\":190,\"caption\":\"Green Jar Ibiza\"},\"image\":{\"@id\":\"https:\/\/www.greenjaribiza.com\/#\/schema\/logo\/image\/\"},\"sameAs\":[\"https:\/\/www.facebook.com\/GreenJarIbiza\",\"https:\/\/www.instagram.com\/greenjaribiza.cocktails?igsh=czZ0cnMxeWJhc3R0&utm_source=qr\",\"https:\/\/www.youtube.com\/@greenjaribiza\"]},{\"@type\":\"Person\",\"@id\":\"https:\/\/www.greenjaribiza.com\/#\/schema\/person\/90ebadf12f9b14044b619c5970db3f76\",\"name\":\"greenjar\",\"image\":{\"@type\":\"ImageObject\",\"inLanguage\":\"es\",\"@id\":\"https:\/\/www.greenjaribiza.com\/#\/schema\/person\/image\/\",\"url\":\"https:\/\/secure.gravatar.com\/avatar\/5022819a809b16d3c65285623faed50d175ddeeb6dbbd5e39eac1fc1582f73c1?s=96&d=mm&r=g\",\"contentUrl\":\"https:\/\/secure.gravatar.com\/avatar\/5022819a809b16d3c65285623faed50d175ddeeb6dbbd5e39eac1fc1582f73c1?s=96&d=mm&r=g\",\"caption\":\"greenjar\"},\"url\":\"https:\/\/www.greenjaribiza.com\/es\/author\/infogreenjaribiza-com\/\"}]}<\/script>\n<!-- \/ Yoast SEO plugin. -->","yoast_head_json":{"title":"Semana del C\u00f3ctel de Ibiza: Una celebraci\u00f3n de c\u00f3cteles - Green Jar Ibiza","description":"Explore la emoci\u00f3n de la Semana del C\u00f3ctel de Ibiza, donde los c\u00f3cteles tomaron teatros, plazas y playas en una vibrante celebraci\u00f3n.","robots":{"index":"index","follow":"follow","max-snippet":"max-snippet:-1","max-image-preview":"max-image-preview:large","max-video-preview":"max-video-preview:-1"},"canonical":"https:\/\/www.greenjaribiza.com\/es\/ibiza-cocktail-week-una-isla-una-comunidad-y-el-bar-como-cultura\/","og_locale":"es_ES","og_type":"article","og_title":"Ibiza Cocktail Week: A Celebration of Cocktails - Green Jar Ibiza","og_description":"Explore the excitement of Ibiza Cocktail Week, where cocktails took over theaters, squares, and beaches in a vibrant celebration.","og_url":"https:\/\/www.greenjaribiza.com\/es\/ibiza-cocktail-week-una-isla-una-comunidad-y-el-bar-como-cultura\/","og_site_name":"Green Jar Ibiza","article_publisher":"https:\/\/www.facebook.com\/GreenJarIbiza","article_published_time":"2025-11-01T21:36:38+00:00","article_modified_time":"2026-03-26T18:29:04+00:00","og_image":[{"width":1920,"height":1280,"url":"https:\/\/www.greenjaribiza.com\/wp-content\/uploads\/2025\/11\/ibiza-cocktail-week-one-island-one-community-and-the-bar-as-culture.webp","type":"image\/webp"}],"author":"greenjar","twitter_card":"summary_large_image","twitter_misc":{"Escrito por":"greenjar","Tiempo de lectura":"6 minutos"},"schema":{"@context":"https:\/\/schema.org","@graph":[{"@type":"Article","@id":"https:\/\/www.greenjaribiza.com\/ibiza-cocktail-week-one-island-one-community-and-the-bar-as-culture\/#article","isPartOf":{"@id":"https:\/\/www.greenjaribiza.com\/ibiza-cocktail-week-one-island-one-community-and-the-bar-as-culture\/"},"author":{"name":"greenjar","@id":"https:\/\/www.greenjaribiza.com\/#\/schema\/person\/90ebadf12f9b14044b619c5970db3f76"},"headline":"Ibiza Cocktail Week: one island, one community, and the bar as culture","datePublished":"2025-11-01T21:36:38+00:00","dateModified":"2026-03-26T18:29:04+00:00","mainEntityOfPage":{"@id":"https:\/\/www.greenjaribiza.com\/ibiza-cocktail-week-one-island-one-community-and-the-bar-as-culture\/"},"wordCount":1035,"commentCount":0,"publisher":{"@id":"https:\/\/www.greenjaribiza.com\/#organization"},"image":{"@id":"https:\/\/www.greenjaribiza.com\/ibiza-cocktail-week-one-island-one-community-and-the-bar-as-culture\/#primaryimage"},"thumbnailUrl":"https:\/\/www.greenjaribiza.com\/wp-content\/uploads\/2025\/11\/ibiza-cocktail-week-one-island-one-community-and-the-bar-as-culture.webp","articleSection":["Eventos en Ibiza"],"inLanguage":"es","potentialAction":[{"@type":"CommentAction","name":"Comment","target":["https:\/\/www.greenjaribiza.com\/ibiza-cocktail-week-one-island-one-community-and-the-bar-as-culture\/#respond"]}]},{"@type":"WebPage","@id":"https:\/\/www.greenjaribiza.com\/ibiza-cocktail-week-one-island-one-community-and-the-bar-as-culture\/","url":"https:\/\/www.greenjaribiza.com\/ibiza-cocktail-week-one-island-one-community-and-the-bar-as-culture\/","name":"Semana del C\u00f3ctel de Ibiza: Una celebraci\u00f3n de c\u00f3cteles - Green Jar Ibiza","isPartOf":{"@id":"https:\/\/www.greenjaribiza.com\/#website"},"primaryImageOfPage":{"@id":"https:\/\/www.greenjaribiza.com\/ibiza-cocktail-week-one-island-one-community-and-the-bar-as-culture\/#primaryimage"},"image":{"@id":"https:\/\/www.greenjaribiza.com\/ibiza-cocktail-week-one-island-one-community-and-the-bar-as-culture\/#primaryimage"},"thumbnailUrl":"https:\/\/www.greenjaribiza.com\/wp-content\/uploads\/2025\/11\/ibiza-cocktail-week-one-island-one-community-and-the-bar-as-culture.webp","datePublished":"2025-11-01T21:36:38+00:00","dateModified":"2026-03-26T18:29:04+00:00","description":"Explore la emoci\u00f3n de la Semana del C\u00f3ctel de Ibiza, donde los c\u00f3cteles tomaron teatros, plazas y playas en una vibrante celebraci\u00f3n.","breadcrumb":{"@id":"https:\/\/www.greenjaribiza.com\/ibiza-cocktail-week-one-island-one-community-and-the-bar-as-culture\/#breadcrumb"},"inLanguage":"es","potentialAction":[{"@type":"ReadAction","target":["https:\/\/www.greenjaribiza.com\/ibiza-cocktail-week-one-island-one-community-and-the-bar-as-culture\/"]}]},{"@type":"ImageObject","inLanguage":"es","@id":"https:\/\/www.greenjaribiza.com\/ibiza-cocktail-week-one-island-one-community-and-the-bar-as-culture\/#primaryimage","url":"https:\/\/www.greenjaribiza.com\/wp-content\/uploads\/2025\/11\/ibiza-cocktail-week-one-island-one-community-and-the-bar-as-culture.webp","contentUrl":"https:\/\/www.greenjaribiza.com\/wp-content\/uploads\/2025\/11\/ibiza-cocktail-week-one-island-one-community-and-the-bar-as-culture.webp","width":1920,"height":1280},{"@type":"BreadcrumbList","@id":"https:\/\/www.greenjaribiza.com\/ibiza-cocktail-week-one-island-one-community-and-the-bar-as-culture\/#breadcrumb","itemListElement":[{"@type":"ListItem","position":1,"name":"Home","item":"https:\/\/www.greenjaribiza.com\/en\/"},{"@type":"ListItem","position":2,"name":"Ibiza Cocktail Week: one island, one community, and the bar as culture"}]},{"@type":"WebSite","@id":"https:\/\/www.greenjaribiza.com\/#website","url":"https:\/\/www.greenjaribiza.com\/","name":"Tarro Verde Ibiza","description":"Cocktail Bar Catering Ibiza","publisher":{"@id":"https:\/\/www.greenjaribiza.com\/#organization"},"alternateName":"Green Jar Ibiza","potentialAction":[{"@type":"SearchAction","target":{"@type":"EntryPoint","urlTemplate":"https:\/\/www.greenjaribiza.com\/?s={search_term_string}"},"query-input":{"@type":"PropertyValueSpecification","valueRequired":true,"valueName":"search_term_string"}}],"inLanguage":"es"},{"@type":"Organization","@id":"https:\/\/www.greenjaribiza.com\/#organization","name":"Tarro Verde Ibiza","alternateName":"Green Jar Ibiza Cocktail Company","url":"https:\/\/www.greenjaribiza.com\/","logo":{"@type":"ImageObject","inLanguage":"es","@id":"https:\/\/www.greenjaribiza.com\/#\/schema\/logo\/image\/","url":"https:\/\/www.greenjaribiza.com\/wp-content\/uploads\/2025\/02\/greenjar-ibiza-bar-cocktail-catering.png","contentUrl":"https:\/\/www.greenjaribiza.com\/wp-content\/uploads\/2025\/02\/greenjar-ibiza-bar-cocktail-catering.png","width":300,"height":190,"caption":"Green Jar Ibiza"},"image":{"@id":"https:\/\/www.greenjaribiza.com\/#\/schema\/logo\/image\/"},"sameAs":["https:\/\/www.facebook.com\/GreenJarIbiza","https:\/\/www.instagram.com\/greenjaribiza.cocktails?igsh=czZ0cnMxeWJhc3R0&utm_source=qr","https:\/\/www.youtube.com\/@greenjaribiza"]},{"@type":"Person","@id":"https:\/\/www.greenjaribiza.com\/#\/schema\/person\/90ebadf12f9b14044b619c5970db3f76","name":"greenjar","image":{"@type":"ImageObject","inLanguage":"es","@id":"https:\/\/www.greenjaribiza.com\/#\/schema\/person\/image\/","url":"https:\/\/secure.gravatar.com\/avatar\/5022819a809b16d3c65285623faed50d175ddeeb6dbbd5e39eac1fc1582f73c1?s=96&d=mm&r=g","contentUrl":"https:\/\/secure.gravatar.com\/avatar\/5022819a809b16d3c65285623faed50d175ddeeb6dbbd5e39eac1fc1582f73c1?s=96&d=mm&r=g","caption":"greenjar"},"url":"https:\/\/www.greenjaribiza.com\/es\/author\/infogreenjaribiza-com\/"}]}},"_links":{"self":[{"href":"https:\/\/www.greenjaribiza.com\/es\/wp-json\/wp\/v2\/posts\/91271","targetHints":{"allow":["GET"]}}],"collection":[{"href":"https:\/\/www.greenjaribiza.com\/es\/wp-json\/wp\/v2\/posts"}],"about":[{"href":"https:\/\/www.greenjaribiza.com\/es\/wp-json\/wp\/v2\/types\/post"}],"author":[{"embeddable":true,"href":"https:\/\/www.greenjaribiza.com\/es\/wp-json\/wp\/v2\/users\/2"}],"replies":[{"embeddable":true,"href":"https:\/\/www.greenjaribiza.com\/es\/wp-json\/wp\/v2\/comments?post=91271"}],"version-history":[{"count":9,"href":"https:\/\/www.greenjaribiza.com\/es\/wp-json\/wp\/v2\/posts\/91271\/revisions"}],"predecessor-version":[{"id":91287,"href":"https:\/\/www.greenjaribiza.com\/es\/wp-json\/wp\/v2\/posts\/91271\/revisions\/91287"}],"wp:featuredmedia":[{"embeddable":true,"href":"https:\/\/www.greenjaribiza.com\/es\/wp-json\/wp\/v2\/media\/91277"}],"wp:attachment":[{"href":"https:\/\/www.greenjaribiza.com\/es\/wp-json\/wp\/v2\/media?parent=91271"}],"wp:term":[{"taxonomy":"category","embeddable":true,"href":"https:\/\/www.greenjaribiza.com\/es\/wp-json\/wp\/v2\/categories?post=91271"},{"taxonomy":"post_tag","embeddable":true,"href":"https:\/\/www.greenjaribiza.com\/es\/wp-json\/wp\/v2\/tags?post=91271"}],"curies":[{"name":"wp","href":"https:\/\/api.w.org\/{rel}","templated":true}]}}